{"id":35467,"date":"2023-01-05T19:45:44","date_gmt":"2023-01-05T18:45:44","guid":{"rendered":"https:\/\/capacitador.info\/sesiones-individuales-para-potenciar-las-calidades-de-candidatos-as\/"},"modified":"2024-11-22T19:55:53","modified_gmt":"2024-11-22T18:55:53","slug":"sesiones-individuales-para-potenciar-las-cualidades-de-candidatos-as","status":"publish","type":"post","link":"https:\/\/capacitador.info\/es\/sesiones-individuales-para-potenciar-las-cualidades-de-candidatos-as\/","title":{"rendered":"Sesiones individuales para potenciar las cualidades de cargos y candidatos\/as"},"content":{"rendered":"<p>[et_pb_section fb_built=\u00bb1&#8243; admin_label=\u00bbsection\u00bb _builder_version=\u00bb4.16&#8243; global_colors_info=\u00bb{}\u00bb][et_pb_row admin_label=\u00bbrow\u00bb _builder_version=\u00bb4.16&#8243; background_size=\u00bbinitial\u00bb background_position=\u00bbtop_left\u00bb background_repeat=\u00bbrepeat\u00bb global_colors_info=\u00bb{}\u00bb][et_pb_column type=\u00bb4_4&#8243; _builder_version=\u00bb4.16&#8243; custom_padding=\u00bb|||\u00bb global_colors_info=\u00bb{}\u00bb custom_padding__hover=\u00bb|||\u00bb][et_pb_text admin_label=\u00bbText\u00bb _builder_version=\u00bb4.27.0&#8243; background_size=\u00bbinitial\u00bb background_position=\u00bbtop_left\u00bb background_repeat=\u00bbrepeat\u00bb hover_enabled=\u00bb0&#8243; global_colors_info=\u00bb{}\u00bb sticky_enabled=\u00bb0&#8243;]<\/p>\n<p>Incluso las personas que tienen mucha experiencia en pol\u00edtica, pueden mejorar notoriamente sus competencias y talante y su impacto pol\u00edtico.<\/p>\n<p>La mejora que suelen obtener mis clientes, suele estar <strong>muy por encima de sus expectativas iniciales<\/strong>. El caso m\u00e1s paradigm\u00e1tico, es Joan Rib\u00f3, alcalde de Val\u00e8ncia (2015-2023). Desde joven milit\u00f3 en el Partido Comunista y lleg\u00f3 a ser coordinador general de Esquerra Unida del Pa\u00eds Valenci\u00e0.<\/p>\n<p>A pesar de tener una extensa experiencia en pol\u00edtica, trabajando con \u00e9l fuimos capaces de limar asperezas, incrementar su capacidad de comunicaci\u00f3n, saber priorizar los objetivos y muchos m\u00e1s beneficios. En el <a href=\"https:\/\/youtu.be\/93xSYkuysv8\" target=\"_blank\" rel=\"noopener\">enlace<\/a> tienes un video donde el alcalde de Val\u00e8ncia lo explica personalmente. Si quieres conocer la experiencia de Colau Claramunt, el alcalde de Albalat dels Sorells (2015-2027), en este <a href=\"https:\/\/capacitador.info\/wp-content\/uploads\/2020\/12\/Colau-Claramunt.mp4\" target=\"_blank\" rel=\"noopener\">video<\/a> comparte su provechosa experiencia. M\u00e1s abajo tenso m\u00e1s testimonios de lo que han logrado algunos clientes m\u00edos.<\/p>\n<p>Te propongo<strong> trabajar INDIVIDUALMENTE para adaptarme espec\u00edficamente en tus inquietudes, poder superar aquellas dificultades personales y potenciar aquellos aspectos que mejoran tu impacto pol\u00edtico y facilitan el logro de tus objetivos electorales.<\/strong><\/p>\n<p>A continuaci\u00f3n indico, a modo de ejemplos, una amplia variedad de asuntos que la persona candidata o cargo p\u00fablico puede mejorar:<\/p>\n<p>&nbsp;<\/p>\n<h4>Gesti\u00f3n emocional<\/h4>\n<p>\u2022 Experiencia del impostor (\u00abNo estoy a la altura para estar en este lugar\u00bb, cuando tiene competencias sobradas).<br \/>\u2022 Ser demasiado perfeccionista.<br \/>\u2022 Sentimiento de estar desbordado\/ada por el trabajo del d\u00eda a d\u00eda.<br \/>\u2022 Ganar seguridad y confianza en uno\/a mismo\/a. \u2022 Hacer frente con aplomo a las situaciones adversas.<br \/>\u2022 Evitar las monta\u00f1as rusas de sensaciones y aprender a equilibrarse emocionalmente.<\/p>\n<h4>Liderazgo y negociaci\u00f3n<\/h4>\n<p>\u2022 No saber liderar, no sabe crear motivaci\u00f3n en la militancia.<br \/>\u2022 Impotencia de no saber movilizar el colectivo.<br \/>\u2022 Construir equipos eficientes.<br \/>\u2022 Fomentar habilidades de negociaci\u00f3n: listas electorales, gobiernos de coalici\u00f3n, etc.<br \/>\u2022 Gestionar h\u00e1bilmente los funcionarios.<\/p>\n<h4>Estrategia electoral<\/h4>\n<ul>\n<li>Identificar debilidades, amenazas, fortalezas y oportunidades.<\/li>\n<li>Decidir c\u00f3mo corregir debilidades, afrontar peligros, mantener los puntos fuertes y explotar las posibilidades.<\/li>\n<li>Concretar debilidades, amenazas, fortalezas y oportunidades de los adversarios pol\u00edticos para saber c\u00f3mo enfocar nuestra campa\u00f1a.<\/li>\n<li>Definir ideas fuerza de la campa\u00f1a.<\/li>\n<li>Decidir qu\u00e9 aspectos positivos del candidato visibilizar y fomentar.<\/li>\n<\/ul>\n<h4>Superaci\u00f3n de dificultades<\/h4>\n<p>\u2022 Si eras mujer, ampliar y gestionar tu espacio para sentirte s\u00f3lida.<br \/>\u2022 Eliminar h\u00e1bitos perjudiciales (tabaco, enfadarse a menudo, etc.).<br \/>\u2022 Superaci\u00f3n de miedos y ansiedades: hablar en p\u00fablico, a recibir cr\u00edticas, etc.<br \/>\u2022 Quitarse de encima sensaciones de inadecuaci\u00f3n, de incertidumbre, de obligaci\u00f3n pesada, estereotipos de c\u00f3mo se tiene que comportar en pol\u00edtica.<br \/>\u2022 Evitar dar demasiados detalles, irse por las ramas y aprender a saber expresarse con concisi\u00f3n.<br \/>\u2022 Incrementar la agilidad mental en plenos municipales, debates, etc.<br \/>\u2022 Meterse plenamente en el rol ante micr\u00f3fonos, c\u00e1maras, etc.<br \/>\u2022 Mejorar el rendimiento en las tareas; hacer m\u00e1s trabajo en menos tiempo, ganando satisfacci\u00f3n.<br \/>\u2022 Evitar quemarse.<\/p>\n<h4>Comunicaci\u00f3n y relaciones<\/h4>\n<p>\u2022 Hacer discursos ricos, policrom\u00e1ticos, frescos, emocionales, etc.<br \/>\u2022 Pasar de alocuciones abstrusas, t\u00e9cnicas y cient\u00edficas a discursos sencillos y significativos para m\u00e1s personas.<br \/>\u2022 Transformar discursos a la contra, en propositivos y a favor.<br \/>\u2022 Eliminar aspectos no verbales, que impiden una comunicaci\u00f3n efectiva.<br \/>\u2022 Desarrollar una actitud pedag\u00f3gica con la ciudadan\u00eda.<br \/>\u2022 Aprender a visibilizarse entre el vecindario para lograr m\u00e1s votantes.<br \/>\u2022 Escucha proactiva con el vecindario y la militancia.<br \/>\u2022 Aprender a ir m\u00e1s lento\/r\u00e1pido en los discursos, hablando con naturalidad y soltura<\/p>\n<h4>Y muchas m\u00e1s \u00e1reas<\/h4>\n<p>\u2022 Ubicarse plenamente en el rol org\u00e1nico o institucional para desprender presencia y seguridad.<br \/>\u2022 Activar valores (orden, honestidad, proactividad, etc.) para transmitirlos naturalmente.<br \/>\u2022 Revisi\u00f3n de videos para mejorar las alocuciones en TV y radio.<br \/>\u2022 Aprender a planificar a corto\/medio\/largo plazo.<\/p>\n<p>Estas son algunas posibilidades. Si quieres que te oriente personalmente, en c\u00f3mo puedes mejorar telefon\u00e9ame al <a href=\"tel:\/\/695015569\">695 015 569<\/a> y te atender\u00e9 personalmente. Si quieres hablar con alg\u00fan cliente m\u00edo, telefon\u00e9ame, te dar\u00e9 el contacto para que te puedas convencer por t\u00fa mismo\/a de lo que puedes ganar. \u00bfQuieres saber qu\u00e9 ha significado el trabajo en algunos de mis clientes?\u00a0 Entra en el <a href=\"https:\/\/capacitador.info\/es\/carles-porcel-pnl-dbm-en-valencia\/\" target=\"_blank\" rel=\"noopener\">enlace<\/a> para conocer qu\u00e9 han obtenido algunos clientes m\u00edos. Tambi\u00e9n podr\u00e1s tener un perfil profesional m\u00edo.<\/p>\n<p>[\/et_pb_text][\/et_pb_column][\/et_pb_row][\/et_pb_section]<\/p>\n","protected":false},"excerpt":{"rendered":"<p>Incluso las personas que tienen mucha experiencia en pol\u00edtica, pueden mejorar notoriamente sus competencias y talante y su impacto pol\u00edtico. La mejora que suelen obtener mis clientes, suele estar muy por encima de sus expectativas iniciales. El caso m\u00e1s paradigm\u00e1tico, es Joan Rib\u00f3, alcalde de Val\u00e8ncia (2015-2023). Desde joven milit\u00f3 en el Partido Comunista y [&hellip;]<\/p>\n","protected":false},"author":1,"featured_media":35442,"comment_status":"open","ping_status":"open","sticky":false,"template":"","format":"standard","meta":{"_et_pb_use_builder":"on","_et_pb_old_content":"<p>Incluso las personas que tienen mucha experiencia en pol\u00edtica, pueden mejorar notoriamente sus competencias y talante y su impacto pol\u00edtico. La mejora que suelen obtener mis clientes, suele estar mucho por encima de sus expectativas iniciales. El caso m\u00e1s paradigm\u00e1tico, es Joan Rib\u00f3, actual alcalde de Val\u00e8ncia. Desde joven milit\u00f3 en el Partido comunista y lleg\u00f3 a ser coordinador general de Esquerra Unida del Pa\u00eds Valenciano. A pesar de tener una extensa experiencia en pol\u00edtica, trabajando con \u00e9l fuimos capaces de limar asperezas, incrementar su capacidad de comunicaci\u00f3n, saber priorizar los objetivos y muchos m\u00e1s beneficios. En el <a href=\"https:\/\/youtu.be\/93xSYkuysv8\" rel=\"noopener\" target=\"_blank\">enlace<\/a> tienes un video donde el alcalde de Val\u00e8ncia lo explica personalmente. Si quieres conocer la experiencia de Colau Claramunt, el alcalde de Albalat dels Sorells, en este <a href=\"https:\/\/capacitador.info\/wp-content\/uploads\/2020\/12\/Colau-Claramunt.mp4\" rel=\"noopener\" target=\"_blank\">video<\/a> comparte su experiencia provechosa. M\u00e1s abajo tenso m\u00e1s testimonios de lo que han logrado algunos clientes m\u00edos. \r\nTe propongo trabajar INDIVIDUALMENTE para adaptarme espec\u00edficamente en tus inquietudes, poder superar aquellas dificultades personales y potenciar aquellos aspectos que mejoran tu impacto pol\u00edtico y facilitan el logro de tus objetivos electorales. \r\nA continuaci\u00f3n indico, a guisa de ejemplos, una amplia variedad de asuntos que la persona candidata puede mejorar: \r\n\u2022 Gesti\u00f3n emocional \r\n\u2022 Experiencia del impostor (\u00abNo estoy a la altura para estar en este lugar\u00bb, cuando tiene competencias sobradas). \r\n\u2022 Ser demasiado perfeccionista. \r\n\u2022 Sentimiento de estar desbordado\/ada por el trabajo del d\u00eda a d\u00eda. \r\n\u2022 Ganar seguridad y confianza en uno\/a mismo\/a. \r\n\u2022 Hacer frente con aplomo a las situaciones adversas. \r\n\u2022 Evitar las monta\u00f1as rusas de sensaciones y aprender a equilibrarse emocionalmente. Liderazgo y negociaci\u00f3n \r\n\u2022 No saber liderar, no sabe crear motivaci\u00f3n en la militancia. \r\n\u2022 Impotencia de no saber movilizar el colectivo. \r\n\u2022 Construir equipos eficientes. \r\n\u2022 Fomentar habilidades de negociaci\u00f3n: listas electorales, gobiernos de coalici\u00f3n, etc. \r\n\u2022 Gestionar h\u00e1bilmente los funcionarios. Superaci\u00f3n de dificultades \r\n\u2022 Si eras mujer, ampliar y gestionar tu espacio para encontrarte s\u00f3lida. \r\n\u2022 Eliminar h\u00e1bitos perjudiciales (tabaco, enfadarse a menudo, etc.). \r\n\u2022 Superaci\u00f3n de miedos y ansiedades: hablar en p\u00fablico, a recibir cr\u00edticas, etc. \r\n\u2022 Quitarse de encima sensaciones de inadecuaci\u00f3n, de incertidumbre, de obligaci\u00f3n pesada, estereotipos de c\u00f3mo se tiene que comportar en pol\u00edtica. \r\n\u2022 Evitar dar demasiados detalles, irse por las ramas y aprender a saber expresarse con concisi\u00f3n. \r\n\u2022 Incrementar la agilidad mental en plenos municipales, debates, etc. \u2022 Meterse plenamente en el rol ante micr\u00f3fonos, c\u00e1maras, etc. \u2022 Mejorar el rendimiento en las tareas; hacer m\u00e1s trabajo en menos tiempo, ganando satisfacci\u00f3n. \u2022 Evitar quemarse. Comunicaci\u00f3n y relaciones \u2022 Hacer discursos ricos, policrom\u00e0tics, frescos, emocionales, etc. \u2022 Pasar de un discurso, abstruso, t\u00e9cnico y cient\u00edfico a alocuciones planeres y significativas para m\u00e1s personas. \u2022 Transformar discursos a la contra, en propositivos y a favor. \u2022 Eliminar aspectos no verbales, que impiden una comunicaci\u00f3n efectiva. \u2022 Desarrollar una actitud pedag\u00f3gica con la ciudadan\u00eda. \u2022 Aprender a visibilizarse entre el vecindario para lograr m\u00e1s votantes. \u2022 Escucha proactiva con el vecindario y la militancia. \u2022 Aprender a ir m\u00e1s lento\/r\u00e1pido en los discursos, hablando con naturalidad y soltura Y muchas m\u00e1s \u00e1reas \u2022 Ubicarse plenamente en el rol org\u00e1nico o institucional para desprender presencia y seguridad. \u2022 Activar valores (orden, honestidad, proactividad, etc.) para transmitirlos naturalmente. \u2022 Revisi\u00f3n de videos para mejorar las alocuciones en TV y radio. \u2022 Aprender a planificar a corto\/medio\/largo plazo. Estas son algunas posibilidades. Si quieres que te oriente personalmente, en c\u00f3mo puedes mejorar telefon\u00e9ame al 695 015 569 y te atender\u00e9 personalmente. Si quieres hablar con alg\u00fan cliente m\u00edo, telefon\u00e9ame te dar\u00e9 el contacto porque te puedas convencer por t\u00fa mismo\/a de el que puedes ganar. Si quieres saber qu\u00e9 ha significado el trabajo en algunos de mis clientes? Entra en el enlace para conocer qu\u00e9 han obtenido algunos clientes m\u00edos. Tambi\u00e9n podr\u00e1s tener un perfil profesional m\u00edo.<\/p>","_et_gb_content_width":"","_joinchat":[],"footnotes":""},"categories":[52],"tags":[],"class_list":["post-35467","post","type-post","status-publish","format-standard","has-post-thumbnail","hentry","category-cursos-es"],"aioseo_notices":[],"_links":{"self":[{"href":"https:\/\/capacitador.info\/es\/wp-json\/wp\/v2\/posts\/35467","targetHints":{"allow":["GET"]}}],"collection":[{"href":"https:\/\/capacitador.info\/es\/wp-json\/wp\/v2\/posts"}],"about":[{"href":"https:\/\/capacitador.info\/es\/wp-json\/wp\/v2\/types\/post"}],"author":[{"embeddable":true,"href":"https:\/\/capacitador.info\/es\/wp-json\/wp\/v2\/users\/1"}],"replies":[{"embeddable":true,"href":"https:\/\/capacitador.info\/es\/wp-json\/wp\/v2\/comments?post=35467"}],"version-history":[{"count":3,"href":"https:\/\/capacitador.info\/es\/wp-json\/wp\/v2\/posts\/35467\/revisions"}],"predecessor-version":[{"id":36306,"href":"https:\/\/capacitador.info\/es\/wp-json\/wp\/v2\/posts\/35467\/revisions\/36306"}],"wp:featuredmedia":[{"embeddable":true,"href":"https:\/\/capacitador.info\/es\/wp-json\/wp\/v2\/media\/35442"}],"wp:attachment":[{"href":"https:\/\/capacitador.info\/es\/wp-json\/wp\/v2\/media?parent=35467"}],"wp:term":[{"taxonomy":"category","embeddable":true,"href":"https:\/\/capacitador.info\/es\/wp-json\/wp\/v2\/categories?post=35467"},{"taxonomy":"post_tag","embeddable":true,"href":"https:\/\/capacitador.info\/es\/wp-json\/wp\/v2\/tags?post=35467"}],"curies":[{"name":"wp","href":"https:\/\/api.w.org\/{rel}","templated":true}]}}