{"id":34802,"date":"2021-12-21T12:08:07","date_gmt":"2021-12-21T11:08:07","guid":{"rendered":"https:\/\/capacitador.info\/?p=34802"},"modified":"2021-12-21T12:08:07","modified_gmt":"2021-12-21T11:08:07","slug":"motiva-a-tu-publico-hablando-de-cambio-climatico","status":"publish","type":"post","link":"https:\/\/capacitador.info\/es\/motiva-a-tu-publico-hablando-de-cambio-climatico\/","title":{"rendered":"Motiva a tu p\u00fablico hablando de cambio clim\u00e1tico"},"content":{"rendered":"<div class=\"edit-post-visual-editor\">\n<div class=\"edit-post-visual-editor__content-area\">\n<div class=\"editor-styles-wrapper block-editor-writing-flow\" tabindex=\"-1\">\n<div class=\"edit-post-visual-editor__post-title-wrapper\">\n<div class=\"wp-block editor-post-title editor-post-title__block\">Se puede usar la comunicaci\u00f3n del cambio clim\u00e1tico para implicar la poblaci\u00f3n hacia estilos de vida descarbonizados. Ahora bien, cualquier manera no es \u00fatil para conseguirlo.<\/div>\n<\/div>\n<div class=\"block-editor-block-list__layout is-root-container\" data-is-drop-zone=\"true\">\n<p>Una primera idea para conseguir la involucraci\u00f3n de las personas, es que no hay que enfocar el cambio clim\u00e1tico como un asunto cient\u00edfico, ya que las personas se puedan sentir desconectadas de esos conceptos.<\/p>\n<p>Un segundo enfoque para implicar a grupos humanos es hablar, metaf\u00f3ricamente, del \u00abcielo\u00bb. Con frecuencia se habla solo del \u00abinfierno\u00bb, los desastres presentes y futuros: inundaciones, sequ\u00edas, hambrunas, etc. El enfoque catastrofista convence a muy pocas personas. A la mayor\u00eda de la poblaci\u00f3n se le impacta expres\u00e1ndole c\u00f3mo mantener el \u00abcielo\u00bb que tenemos hasta hoy. Seg\u00fan si expresamos el \u00abcielo\u00bb que queremos o el \u00abinfierno\u00bb que detestamos, influye diferentemente en la audiencia, ya que se activan emociones y actitudes muy distintas, de atenci\u00f3n o de desconexi\u00f3n con el mensaje.<\/p>\n<p>De lo que se trata, fundamentalmente, es de <strong>aprender a comunicar para motivar a las personas<\/strong>. La motivaci\u00f3n es el primer paso para la acci\u00f3n. Por ejemplo, muchas personas se est\u00e1n pasando a cooperativas el\u00e9ctricas porque saben que ayuda a frenar el cambio clim\u00e1tico y hace a nuestra sociedad m\u00e1s independiente en los suministros energ\u00e9ticos externos.<\/p>\n<p>Te presento una secuencia de pasos para estructurar un discurso que llegue a la audiencia y sea m\u00e1s probable que se implique: la visi\u00f3n, la opci\u00f3n, la planificaci\u00f3n y finalmente la acci\u00f3n. Fue probada en distintos pa\u00edses con \u00e9xitos razonables por sus desarrolladores Futerra. Te puedes descargar el informe completo <a href=\"http:\/\/www.wearefuterra.com\/wp-content\/uploads\/2018\/03\/Sellthesizzle.pdf\" target=\"_blank\" rel=\"noopener\">aqu\u00ed<\/a>.<\/p>\n<p><strong>Paso 1. CONSTRUIR UNA VISI\u00d3N.<\/strong> Si creas un sentido de esperanza, un sentido de progreso y el entusiasmo sobre el ma\u00f1ana, podr\u00e1s captar la atenci\u00f3n del p\u00fablico describiendo un mejor futuro.<\/p>\n<p id=\"block-ec93d55d-96eb-47cb-8abf-49e7ade8b9b8\" class=\"block-editor-rich-text__editable block-editor-block-list__block wp-block wp-block-paragraph rich-text\" tabindex=\"0\" role=\"group\" contenteditable=\"true\" aria-multiline=\"true\" aria-label=\"Bloque de p\u00e1rrafo\" data-block=\"ec93d55d-96eb-47cb-8abf-49e7ade8b9b8\" data-type=\"core\/paragraph\" data-title=\"P\u00e1rrafo\" data-empty=\"false\"><strong>Hazlo visual. <\/strong>Suscita im\u00e1genes de c\u00f3mo ser\u00e1 una sociedad sostenible con poco consumo de combustibles f\u00f3siles del futuro. Por ejemplo, las ciudades estar\u00e1n con aire m\u00e1s limpio.<\/p>\n<p id=\"block-cdacb830-95e7-434e-aaed-0af90f5d70a3\" class=\"block-editor-rich-text__editable block-editor-block-list__block wp-block wp-block-paragraph rich-text\" tabindex=\"0\" role=\"group\" contenteditable=\"true\" aria-multiline=\"true\" aria-label=\"Bloque de p\u00e1rrafo\" data-block=\"cdacb830-95e7-434e-aaed-0af90f5d70a3\" data-type=\"core\/paragraph\" data-title=\"P\u00e1rrafo\" data-empty=\"false\"><strong>Haz una visi\u00f3n local<\/strong>. Proyecta una perspectiva auton\u00f3mica, comarcal o local. Hablar del \u00c1rtico y de los osos polares no funciona.<\/p>\n<p id=\"block-e29330ac-3811-45a6-8cbc-96541fd88b0b\" class=\"block-editor-rich-text__editable block-editor-block-list__block wp-block wp-block-paragraph rich-text\" tabindex=\"0\" role=\"group\" contenteditable=\"true\" aria-multiline=\"true\" aria-label=\"Bloque de p\u00e1rrafo\" data-block=\"e29330ac-3811-45a6-8cbc-96541fd88b0b\" data-type=\"core\/paragraph\" data-title=\"P\u00e1rrafo\" data-empty=\"false\"><strong>Hazla atractiva<\/strong>. Piensa en lo que para tu audiencia es interesante (no lo que a ti te interesa). Poner cifras aqu\u00ed no funciona. Habla de casos reales de mejora de la calidad de vida.<\/p>\n<p><strong>Comparte el sue\u00f1o<\/strong>. Muestra c\u00f3mo se reflejan los valores y necesidades comunes en esta proyecci\u00f3n. Como apreciar el valor de los\u00a0 agricultores que cuidan el medio rural.<\/p>\n<p>&nbsp;<\/p>\n<p><strong>Paso 2. LA OPCI\u00d3N ES ACTUAR AHORA<\/strong><strong>. <\/strong>Ahora podemos poner en marcha medidas \u00fatiles.<\/p>\n<p><strong>Conecta el problema con la soluci\u00f3n. <\/strong>Si los combustibles f\u00f3siles, son el problema, las energ\u00edas limpias y aut\u00f3nomas, la reducci\u00f3n del consumo, la eficiencia energ\u00e9tica, etc. son la soluci\u00f3n.<mark id=\"annotation-text-44120201-6467-4d09-a66f-f1370e98812e\" class=\"annotation-text annotation-text-yoast\"><\/mark><\/p>\n<p><strong>Infierno personal. <\/strong>Muestra el impacto personal del cambio clim\u00e1tico. <strong>Toca con fuerza los estilos de vida y aspiraciones personales,<\/strong> para superar la amenaza del caos del cambio clim\u00e1tico. Aqu\u00ed se puede hablar, <strong>brevemente<\/strong>, de las amenazas.<\/p>\n<p>&nbsp;<\/p>\n<p><strong>Paso 3. LISTA CORTA DE GRANDES ACCIONES.<\/strong> Piensa en 3 grandes titulares inolvidables, que te ayuden a impulsar estas acciones.<\/p>\n<p id=\"block-c0edf627-baf3-45f2-9bb0-b42a4f35bcdc\" class=\"block-editor-rich-text__editable block-editor-block-list__block wp-block wp-block-paragraph rich-text\" tabindex=\"0\" role=\"group\" contenteditable=\"true\" aria-multiline=\"true\" aria-label=\"Bloque de p\u00e1rrafo\" data-block=\"c0edf627-baf3-45f2-9bb0-b42a4f35bcdc\" data-type=\"core\/paragraph\" data-title=\"P\u00e1rrafo\" data-empty=\"false\"><strong>Un plan para cinco a\u00f1os.<\/strong> \u00bfQu\u00e9 cosas podr\u00edamos conseguir de aqu\u00ed a unos a\u00f1os? Un lustro es asequible para la comprensi\u00f3n de las personas, hablar de los objetivos a 2050, no.<\/p>\n<p id=\"block-554290d8-c591-4955-8d24-f3980b2f0414\" class=\"block-editor-rich-text__editable block-editor-block-list__block wp-block wp-block-paragraph rich-text\" tabindex=\"0\" role=\"group\" contenteditable=\"true\" aria-multiline=\"true\" aria-label=\"Bloque de p\u00e1rrafo\" data-block=\"554290d8-c591-4955-8d24-f3980b2f0414\" data-type=\"core\/paragraph\" data-title=\"P\u00e1rrafo\" data-empty=\"false\"><strong>\u00bfCu\u00e1nto dinero se necesitar\u00e1?<\/strong> Incluir este factor facilitar\u00e1 que la audiencia considere que el plan es sensato y realista.<\/p>\n<p><strong>Buscamos la equidad. <\/strong>Buscar futuro mejor para todo el mundo construido entre todo el mundo y para todo el mundo.<\/p>\n<p>&nbsp;<\/p>\n<p><strong>Paso 4. <\/strong><strong>CONEXI\u00d3N DIRECTA AL CIELO. <\/strong>Da a cada persona algo que hacer, con\u00e9ctala con la visi\u00f3n,\u00a0 con cada paso positivo para cumplir esta meta com\u00fan.<\/p>\n<p id=\"block-f924e07c-6b99-46cd-975b-da95ec3093cf\" class=\"block-editor-rich-text__editable block-editor-block-list__block wp-block wp-block-paragraph rich-text\" tabindex=\"0\" role=\"group\" contenteditable=\"true\" aria-multiline=\"true\" aria-label=\"Bloque de p\u00e1rrafo\" data-block=\"f924e07c-6b99-46cd-975b-da95ec3093cf\" data-type=\"core\/paragraph\" data-title=\"P\u00e1rrafo\" data-empty=\"false\"><strong>Usa las cifras aqu\u00ed.\u00a0<\/strong>Si vas a promover pol\u00edticas espec\u00edficas, iniciativas o programas, este es el momento de detallarlos: \u00bfCu\u00e1ntos edificios municipales ser\u00e1n rehabilitados energ\u00e9ticamente? \u00bfCu\u00e1ntos men\u00fas escolares de producci\u00f3n local y ecol\u00f3gica ser\u00e1n servidos en las escuelas?<\/p>\n<p id=\"block-5fa1a76f-e810-4a08-b16a-45c39e6469a6\" class=\"block-editor-rich-text__editable block-editor-block-list__block wp-block wp-block-paragraph rich-text\" tabindex=\"0\" role=\"group\" contenteditable=\"true\" aria-multiline=\"true\" aria-label=\"Bloque de p\u00e1rrafo\" data-block=\"5fa1a76f-e810-4a08-b16a-45c39e6469a6\" data-type=\"core\/paragraph\" data-title=\"P\u00e1rrafo\" data-empty=\"false\"><strong>Compensaci\u00f3n personal. <\/strong>Siempre, siempre, siempre, contesta a la pregunta: \u00bfQu\u00e9 obtendr\u00e1 la persona que tengo delante de esto? \u00bfSu legado a futuras generaciones? \u00bfCrear puestos de trabajo verdes? \u00bfRedistribuci\u00f3n de la riqueza?<\/p>\n<p><strong>\u00bfQu\u00e9 acci\u00f3n ser\u00e1 inmediatamente?\u00a0<\/strong>Si la audiencia ya est\u00e1 activada entonces haz la \u201cventa\u201d: dale que hacer algo espec\u00edfico, no ma\u00f1ana, sino ahora mismo.<\/p>\n<p>&nbsp;<\/p>\n<h3 id=\"block-75ef340f-33da-4800-9425-180f4102d718\" class=\"block-editor-rich-text__editable block-editor-block-list__block wp-block wp-block-heading rich-text\" tabindex=\"0\" role=\"group\" contenteditable=\"true\" aria-multiline=\"true\" aria-label=\"Bloque: Encabezado\" data-block=\"75ef340f-33da-4800-9425-180f4102d718\" data-type=\"core\/heading\" data-title=\"Encabezado\"><\/h3>\n<div class=\"block-list-appender\" tabindex=\"-1\">\n<div class=\"block-editor-default-block-appender\" data-root-client-id=\"\">\n<div class=\"components-dropdown block-editor-inserter\"><img loading=\"lazy\" decoding=\"async\" class=\"alignnone size-medium wp-image-34803 aligncenter\" src=\"https:\/\/capacitador.info\/wp-content\/uploads\/2021\/11\/Portada-para-Pagina-de-Facebook-para-Clases-de-Teatro-con-Fotografia-Blanco-y-Negro-18-300x169.png\" alt=\"\" width=\"300\" height=\"169\" \/><\/div>\n<\/div>\n<\/div>\n<\/div>\n<\/div>\n<div tabindex=\"0\"><\/div>\n<\/div>\n<\/div>\n<div class=\"edit-post-layout__metaboxes\">\n<div class=\"edit-post-meta-boxes-area is-normal\">\n<div class=\"edit-post-meta-boxes-area__container\">\n<form class=\"metabox-location-normal\">\n<div id=\"poststuff\" class=\"sidebar-open\">\n<div id=\"postbox-container-2\" class=\"postbox-container\">\n<div id=\"normal-sortables\" class=\"meta-box-sortables ui-sortable\">\n<div id=\"wpseo_meta\" class=\"postbox yoast wpseo-metabox\">\n<div class=\"postbox-header\">\n<div class=\"handle-actions hide-if-no-js\"><\/div>\n<\/div>\n<\/div>\n<\/div>\n<\/div>\n<\/div>\n<\/form>\n<\/div>\n<\/div>\n<\/div>\n<p>&nbsp;<\/p>\n<p><span style=\"font-weight: 400;\">\u00a0<\/span><\/p>\n<p>&nbsp;<\/p>\n","protected":false},"excerpt":{"rendered":"<p> \u00bfCu\u00e1l es la mejor manera de comunicar el cambio clim\u00e1tico? Activa la motivaci\u00f3n de las personas que te rodean, cons\u00edguelo junto a ellas.<\/p>\n","protected":false},"author":2,"featured_media":34803,"comment_status":"open","ping_status":"open","sticky":false,"template":"","format":"standard","meta":{"_et_pb_use_builder":"","_et_pb_old_content":"","_et_gb_content_width":"","_joinchat":[],"footnotes":""},"categories":[47],"tags":[],"class_list":["post-34802","post","type-post","status-publish","format-standard","has-post-thumbnail","hentry","category-articulos-es"],"aioseo_notices":[],"_links":{"self":[{"href":"https:\/\/capacitador.info\/es\/wp-json\/wp\/v2\/posts\/34802","targetHints":{"allow":["GET"]}}],"collection":[{"href":"https:\/\/capacitador.info\/es\/wp-json\/wp\/v2\/posts"}],"about":[{"href":"https:\/\/capacitador.info\/es\/wp-json\/wp\/v2\/types\/post"}],"author":[{"embeddable":true,"href":"https:\/\/capacitador.info\/es\/wp-json\/wp\/v2\/users\/2"}],"replies":[{"embeddable":true,"href":"https:\/\/capacitador.info\/es\/wp-json\/wp\/v2\/comments?post=34802"}],"version-history":[{"count":0,"href":"https:\/\/capacitador.info\/es\/wp-json\/wp\/v2\/posts\/34802\/revisions"}],"wp:featuredmedia":[{"embeddable":true,"href":"https:\/\/capacitador.info\/es\/wp-json\/wp\/v2\/media\/34803"}],"wp:attachment":[{"href":"https:\/\/capacitador.info\/es\/wp-json\/wp\/v2\/media?parent=34802"}],"wp:term":[{"taxonomy":"category","embeddable":true,"href":"https:\/\/capacitador.info\/es\/wp-json\/wp\/v2\/categories?post=34802"},{"taxonomy":"post_tag","embeddable":true,"href":"https:\/\/capacitador.info\/es\/wp-json\/wp\/v2\/tags?post=34802"}],"curies":[{"name":"wp","href":"https:\/\/api.w.org\/{rel}","templated":true}]}}