{"id":33903,"date":"2021-01-07T13:36:14","date_gmt":"2021-01-07T12:36:14","guid":{"rendered":"https:\/\/capacitador.info\/?p=33903"},"modified":"2021-01-07T13:36:14","modified_gmt":"2021-01-07T12:36:14","slug":"dejemos-de-hablar-de-empoderamiento","status":"publish","type":"post","link":"https:\/\/capacitador.info\/es\/dejemos-de-hablar-de-empoderamiento\/","title":{"rendered":"Dejemos de hablar de empoderamiento"},"content":{"rendered":"<p><a href=\"https:\/\/contrainformacion.es\/dejemos-de-hablar-de-empoderamiento\/\" target=\"_blank\" rel=\"noopener\">Dejemos de hablar de empoderamiento<\/a>, es el nuevo art\u00edculo que me han publicado.<\/p>\n<p>A menudo se habla de empoderament como una categor\u00eda intelectual y acad\u00e9mica, cuando se trata de aprender a potenciar la capacidad de acci\u00f3n, para mejorar sustancialmente nuestros movimientos sociales.<\/p>\n<p>Empoderarse tiene que ver con desarrollar determinadas actitudes vitales para crecerse en las dificultades y transformarlas en retos que nos ayudan a avanzar para crear una sociedad justa y sostenible.<\/p>\n<p>Lee el art\u00edculo <a href=\"https:\/\/contrainformacion.es\/dejemos-de-hablar-de-empoderamiento\/\" target=\"_blank\" rel=\"noopener\">Dejemos de hablar de empoderamiento.<\/a><\/p>\n<p>&amp;nbsp;<\/p>\n","protected":false},"excerpt":{"rendered":"<p>Dejemos de hablar de empoderamiento, es el nuevo art\u00edculo que me han publicado. A menudo se habla de empoderament como una categor\u00eda intelectual y acad\u00e9mica, cuando se trata de aprender a potenciar la capacidad de acci\u00f3n, para mejorar sustancialmente nuestros movimientos sociales. Empoderarse tiene que ver con desarrollar determinadas actitudes vitales para crecerse en las [&hellip;]<\/p>\n","protected":false},"author":1,"featured_media":33893,"comment_status":"open","ping_status":"open","sticky":false,"template":"","format":"standard","meta":{"_et_pb_use_builder":"","_et_pb_old_content":"","_et_gb_content_width":"","_joinchat":[],"footnotes":""},"categories":[47],"tags":[],"class_list":["post-33903","post","type-post","status-publish","format-standard","has-post-thumbnail","hentry","category-articulos-es"],"aioseo_notices":[],"_links":{"self":[{"href":"https:\/\/capacitador.info\/es\/wp-json\/wp\/v2\/posts\/33903","targetHints":{"allow":["GET"]}}],"collection":[{"href":"https:\/\/capacitador.info\/es\/wp-json\/wp\/v2\/posts"}],"about":[{"href":"https:\/\/capacitador.info\/es\/wp-json\/wp\/v2\/types\/post"}],"author":[{"embeddable":true,"href":"https:\/\/capacitador.info\/es\/wp-json\/wp\/v2\/users\/1"}],"replies":[{"embeddable":true,"href":"https:\/\/capacitador.info\/es\/wp-json\/wp\/v2\/comments?post=33903"}],"version-history":[{"count":0,"href":"https:\/\/capacitador.info\/es\/wp-json\/wp\/v2\/posts\/33903\/revisions"}],"wp:featuredmedia":[{"embeddable":true,"href":"https:\/\/capacitador.info\/es\/wp-json\/wp\/v2\/media\/33893"}],"wp:attachment":[{"href":"https:\/\/capacitador.info\/es\/wp-json\/wp\/v2\/media?parent=33903"}],"wp:term":[{"taxonomy":"category","embeddable":true,"href":"https:\/\/capacitador.info\/es\/wp-json\/wp\/v2\/categories?post=33903"},{"taxonomy":"post_tag","embeddable":true,"href":"https:\/\/capacitador.info\/es\/wp-json\/wp\/v2\/tags?post=33903"}],"curies":[{"name":"wp","href":"https:\/\/api.w.org\/{rel}","templated":true}]}}